
{"id":1917,"date":"2025-05-11T20:13:27","date_gmt":"2025-05-11T18:13:27","guid":{"rendered":"https:\/\/przedszkole14.edu.wroclaw.pl\/?p=1917"},"modified":"2025-05-11T20:20:51","modified_gmt":"2025-05-11T18:20:51","slug":"gora-grosza","status":"publish","type":"post","link":"https:\/\/przedszkole14.edu.wroclaw.pl\/index.php\/2025\/05\/11\/gora-grosza\/","title":{"rendered":"&#8222;G\u00d3RA GROSZA&#8221;"},"content":{"rendered":"<p>Nasze przedszkole zebra\u0142o 540.43 z\u0142 !<\/p>\n<p><img loading=\"lazy\" decoding=\"async\" class=\"alignnone wp-image-1918\" src=\"https:\/\/przedszkole14.edu.wroclaw.pl\/wp-content\/uploads\/sites\/23\/2025\/05\/1000024243-135x300.jpg\" alt=\"\" width=\"212\" height=\"471\" srcset=\"https:\/\/przedszkole14.edu.wroclaw.pl\/wp-content\/uploads\/sites\/23\/2025\/05\/1000024243-135x300.jpg 135w, https:\/\/przedszkole14.edu.wroclaw.pl\/wp-content\/uploads\/sites\/23\/2025\/05\/1000024243-461x1024.jpg 461w, https:\/\/przedszkole14.edu.wroclaw.pl\/wp-content\/uploads\/sites\/23\/2025\/05\/1000024243-691x1536.jpg 691w, https:\/\/przedszkole14.edu.wroclaw.pl\/wp-content\/uploads\/sites\/23\/2025\/05\/1000024243.jpg 720w\" sizes=\"auto, (max-width: 212px) 100vw, 212px\" \/><\/p>\n","protected":false},"excerpt":{"rendered":"<p>Nasze przedszkole zebra\u0142o 540.43 z\u0142 !<\/p>\n","protected":false},"author":84,"featured_media":0,"comment_status":"open","ping_status":"open","sticky":false,"template":"","format":"standard","meta":{"ngg_post_thumbnail":0,"footnotes":""},"categories":[1],"tags":[],"class_list":["post-1917","post","type-post","status-publish","format-standard","hentry","category-aktualnosci","clearfix"],"_links":{"self":[{"href":"https:\/\/przedszkole14.edu.wroclaw.pl\/index.php\/wp-json\/wp\/v2\/posts\/1917","targetHints":{"allow":["GET"]}}],"collection":[{"href":"https:\/\/przedszkole14.edu.wroclaw.pl\/index.php\/wp-json\/wp\/v2\/posts"}],"about":[{"href":"https:\/\/przedszkole14.edu.wroclaw.pl\/index.php\/wp-json\/wp\/v2\/types\/post"}],"author":[{"embeddable":true,"href":"https:\/\/przedszkole14.edu.wroclaw.pl\/index.php\/wp-json\/wp\/v2\/users\/84"}],"replies":[{"embeddable":true,"href":"https:\/\/przedszkole14.edu.wroclaw.pl\/index.php\/wp-json\/wp\/v2\/comments?post=1917"}],"version-history":[{"count":2,"href":"https:\/\/przedszkole14.edu.wroclaw.pl\/index.php\/wp-json\/wp\/v2\/posts\/1917\/revisions"}],"predecessor-version":[{"id":1925,"href":"https:\/\/przedszkole14.edu.wroclaw.pl\/index.php\/wp-json\/wp\/v2\/posts\/1917\/revisions\/1925"}],"wp:attachment":[{"href":"https:\/\/przedszkole14.edu.wroclaw.pl\/index.php\/wp-json\/wp\/v2\/media?parent=1917"}],"wp:term":[{"taxonomy":"category","embeddable":true,"href":"https:\/\/przedszkole14.edu.wroclaw.pl\/index.php\/wp-json\/wp\/v2\/categories?post=1917"},{"taxonomy":"post_tag","embeddable":true,"href":"https:\/\/przedszkole14.edu.wroclaw.pl\/index.php\/wp-json\/wp\/v2\/tags?post=1917"}],"curies":[{"name":"wp","href":"https:\/\/api.w.org\/{rel}","templated":true}]}}