
{"id":2376,"date":"2026-04-07T23:47:57","date_gmt":"2026-04-07T21:47:57","guid":{"rendered":"https:\/\/przedszkole14.edu.wroclaw.pl\/?p=2376"},"modified":"2026-04-07T23:47:57","modified_gmt":"2026-04-07T21:47:57","slug":"edukacja-w-ruchu-misja-mokradla-wyzwanie-2","status":"publish","type":"post","link":"https:\/\/przedszkole14.edu.wroclaw.pl\/index.php\/2026\/04\/07\/edukacja-w-ruchu-misja-mokradla-wyzwanie-2\/","title":{"rendered":"Edukacja w ruchu- Misja Mokrad\u0142a- Wyzwanie 2"},"content":{"rendered":"<p>&nbsp;<\/p>\n<p>&nbsp;<\/p>\n<p><a href=\"https:\/\/przedszkole14.edu.wroclaw.pl\/wp-content\/uploads\/sites\/23\/2026\/04\/Grafika-Wyzwanie-2-Misja-4-scaled.jpg\"><img loading=\"lazy\" decoding=\"async\" class=\"size-medium wp-image-2377 alignnone\" src=\"https:\/\/przedszkole14.edu.wroclaw.pl\/wp-content\/uploads\/sites\/23\/2026\/04\/Grafika-Wyzwanie-2-Misja-4-300x300.jpg\" alt=\"\" width=\"300\" height=\"300\" srcset=\"https:\/\/przedszkole14.edu.wroclaw.pl\/wp-content\/uploads\/sites\/23\/2026\/04\/Grafika-Wyzwanie-2-Misja-4-300x300.jpg 300w, https:\/\/przedszkole14.edu.wroclaw.pl\/wp-content\/uploads\/sites\/23\/2026\/04\/Grafika-Wyzwanie-2-Misja-4-1024x1024.jpg 1024w, https:\/\/przedszkole14.edu.wroclaw.pl\/wp-content\/uploads\/sites\/23\/2026\/04\/Grafika-Wyzwanie-2-Misja-4-150x150.jpg 150w, https:\/\/przedszkole14.edu.wroclaw.pl\/wp-content\/uploads\/sites\/23\/2026\/04\/Grafika-Wyzwanie-2-Misja-4-768x768.jpg 768w, https:\/\/przedszkole14.edu.wroclaw.pl\/wp-content\/uploads\/sites\/23\/2026\/04\/Grafika-Wyzwanie-2-Misja-4-1536x1536.jpg 1536w, https:\/\/przedszkole14.edu.wroclaw.pl\/wp-content\/uploads\/sites\/23\/2026\/04\/Grafika-Wyzwanie-2-Misja-4-2048x2048.jpg 2048w\" sizes=\"auto, (max-width: 300px) 100vw, 300px\" \/>\u00a0\u00a0<\/a><\/p>\n<p><span style=\"font-family: verdana, geneva\">Zastanawiali\u015bcie si\u0119 kiedy\u015b, jakie d\u017awi\u0119ki mo\u017cna us\u0142ysze\u0107 na mokrad\u0142ach? &#x1f33f;&#x1f986;<br \/>\nMy ju\u017c wiemy \u2013 dzi\u0119ki udzia\u0142owi w projekcie \u201e<strong>Edukacja w ruchu<\/strong>\u201d! &#x1f929;<\/span><\/p>\n<p><span style=\"font-family: verdana, geneva\">Podczas zaj\u0119\u0107 dzieci przenios\u0142y si\u0119 w niezwyk\u0142y \u015bwiat przyrody, gdzie ws\u0142uchiwa\u0142y si\u0119 w odg\u0142osy zwierz\u0105t i pr\u00f3bowa\u0142y odgadn\u0105\u0107, kto je wydaje. By\u0142o du\u017co skupienia, \u015bmiechu i \u015bwietnej zabawy &#x1f3a7;&#x1f438;<\/span><\/p>\n<p><span style=\"font-family: verdana, geneva\">Nie zabrak\u0142o te\u017c ruchu \u2013 dzieci \u0107wiczy\u0142y koncentracj\u0119 i spostrzegawczo\u015b\u0107, podejmuj\u0105c wyzwania inspirowane \u015bwiatem mokrade\u0142 &#x1f4aa;&#x1f331;<\/span><\/p>\n<p><span style=\"font-family: verdana, geneva\">Kolejny raz przekonali\u015bmy si\u0119, \u017ce nauka przez ruch naprawd\u0119 dzia\u0142a i mo\u017ce by\u0107 \u015bwietn\u0105 przygod\u0105! &#x1f60a;<\/span><\/p>\n<p><span style=\"color: #000000;font-family: verdana, geneva\">W tym miesi\u0105cu, w ramach projektu \u201eEdukacja w ruchu\u201d, skorzystali\u015bmy z materia\u0142\u00f3w <strong>Akademii Krokieta i Lamy<\/strong>\u00a0<\/span><\/p>\n<p><span style=\"color: #000000;font-family: verdana, geneva\">By\u0142o du\u017co energii, \u015bmiechu i nauki przez dzia\u0142anie \u2013 dok\u0142adnie tak, jak lubimy najbardziej &#x1f4aa;&#x1f60a;<br \/>\nDzieci utrwala\u0142y wiedz\u0119 w aktywny spos\u00f3b, \u0142\u0105cz\u0105c ruch z zadaniami i \u015bwietn\u0105 zabaw\u0105.<\/span><\/p>\n<p><span style=\"color: #000000;font-family: verdana, geneva\">Takie powt\u00f3rki to sama przyjemno\u015b\u0107! &#x1f337;<\/span><\/p>\n<p><span style=\"color: #000000;font-family: verdana, geneva\">#edukacjawruchu #edukacjawruchuWroclaw #PhysicallyActiveLearning #moveforfun #moveforfunpoland<\/span><\/p>\n<p><span style=\"color: #000000;font-family: verdana, geneva\">@FundacjaV4Sport<br \/>\n@Akademia Wychowania Fizycznego we Wroc\u0142awiu<br \/>\n@AkademiaKrokietaiLamy<br \/>\n@wroclaw.wroclove<\/span><\/p>\n<p>&nbsp;<\/p>\n","protected":false},"excerpt":{"rendered":"<p>&nbsp; &nbsp; \u00a0\u00a0 Zastanawiali\u015bcie si\u0119 kiedy\u015b, jakie d\u017awi\u0119ki mo\u017cna us\u0142ysze\u0107 na mokrad\u0142ach? &#x1f33f;&#x1f986; My ju\u017c wiemy \u2013 dzi\u0119ki udzia\u0142owi w projekcie \u201eEdukacja w ruchu\u201d! &#x1f929; Podczas zaj\u0119\u0107 dzieci przenios\u0142y si\u0119 [&hellip;]<\/p>\n","protected":false},"author":467,"featured_media":0,"comment_status":"open","ping_status":"open","sticky":false,"template":"","format":"standard","meta":{"ngg_post_thumbnail":0,"footnotes":""},"categories":[1],"tags":[],"class_list":["post-2376","post","type-post","status-publish","format-standard","hentry","category-aktualnosci","clearfix"],"_links":{"self":[{"href":"https:\/\/przedszkole14.edu.wroclaw.pl\/index.php\/wp-json\/wp\/v2\/posts\/2376","targetHints":{"allow":["GET"]}}],"collection":[{"href":"https:\/\/przedszkole14.edu.wroclaw.pl\/index.php\/wp-json\/wp\/v2\/posts"}],"about":[{"href":"https:\/\/przedszkole14.edu.wroclaw.pl\/index.php\/wp-json\/wp\/v2\/types\/post"}],"author":[{"embeddable":true,"href":"https:\/\/przedszkole14.edu.wroclaw.pl\/index.php\/wp-json\/wp\/v2\/users\/467"}],"replies":[{"embeddable":true,"href":"https:\/\/przedszkole14.edu.wroclaw.pl\/index.php\/wp-json\/wp\/v2\/comments?post=2376"}],"version-history":[{"count":2,"href":"https:\/\/przedszkole14.edu.wroclaw.pl\/index.php\/wp-json\/wp\/v2\/posts\/2376\/revisions"}],"predecessor-version":[{"id":2379,"href":"https:\/\/przedszkole14.edu.wroclaw.pl\/index.php\/wp-json\/wp\/v2\/posts\/2376\/revisions\/2379"}],"wp:attachment":[{"href":"https:\/\/przedszkole14.edu.wroclaw.pl\/index.php\/wp-json\/wp\/v2\/media?parent=2376"}],"wp:term":[{"taxonomy":"category","embeddable":true,"href":"https:\/\/przedszkole14.edu.wroclaw.pl\/index.php\/wp-json\/wp\/v2\/categories?post=2376"},{"taxonomy":"post_tag","embeddable":true,"href":"https:\/\/przedszkole14.edu.wroclaw.pl\/index.php\/wp-json\/wp\/v2\/tags?post=2376"}],"curies":[{"name":"wp","href":"https:\/\/api.w.org\/{rel}","templated":true}]}}