
{"id":2381,"date":"2026-04-10T10:57:10","date_gmt":"2026-04-10T08:57:10","guid":{"rendered":"https:\/\/przedszkole14.edu.wroclaw.pl\/?p=2381"},"modified":"2026-04-10T10:57:10","modified_gmt":"2026-04-10T08:57:10","slug":"rowerowy-maj-edycja-2026","status":"publish","type":"post","link":"https:\/\/przedszkole14.edu.wroclaw.pl\/index.php\/2026\/04\/10\/rowerowy-maj-edycja-2026\/","title":{"rendered":"&#8222;Rowerowy Maj Edycja 2026&#8221;"},"content":{"rendered":"<div><\/div>\n<div><\/div>\n<p><a href=\"https:\/\/przedszkole14.edu.wroclaw.pl\/wp-content\/uploads\/sites\/23\/2026\/04\/rowerowy-maj-26-new.svg\"><img loading=\"lazy\" decoding=\"async\" class=\"aligncenter size-full wp-image-2392\" src=\"https:\/\/przedszkole14.edu.wroclaw.pl\/wp-content\/uploads\/sites\/23\/2026\/04\/rowerowy-maj-26-new.svg\" alt=\"\" width=\"794\" height=\"1123\" \/><\/a><\/p>\n<div><\/div>\n<div>\n<div style=\"text-align: center\"><strong><span style=\"font-size: 24pt\">Zach\u0119camy wszystkich do wsp\u00f3lnej zabawy i aktywnego udzia\u0142u!<\/span><\/strong><\/div>\n<div><\/div>\n<div><\/div>\n<div><span style=\"font-size: 18pt;color: #000000\">Planowana jest r\u00f3wnie\u017c akcja <strong><span style=\"color: #0000ff\">&#8222;Rowerowa Mobilizacja&#8221;\u00a0 &#8211; 19.04.2026<\/span><\/strong> <\/span><\/div>\n<div><span style=\"font-size: 14pt;color: #000000\"><span style=\"font-size: 18pt\">(osoby, kt\u00f3re przyst\u0105pi\u0105 do kampanii otrzymaj\u0105 od nas (nauczycieli) \u017c\u00f3\u0142te naklejki uprawniaj\u0105ce do serwisu roweroweg<\/span>o.<\/span><\/div>\n<div><\/div>\n<div><strong><span style=\"font-size: 14pt\">Niezb\u0119dne informacje dotycz\u0105ce kampanii s\u0105 na poni\u017cszej stronie internetowej:<\/span><\/strong><\/div>\n<div><\/div>\n<\/div>\n<div><span style=\"font-size: 14pt\"><a href=\"https:\/\/rowerowymaj.eu\/#main-edycja20xx\">https:\/\/rowerowymaj.eu\/#main-edycja20xx<\/a><\/span><\/div>\n<div><span style=\"font-size: 14pt\"><a href=\"https:\/\/rowerowymaj.eu\/wp-content\/uploads\/Broszura-dla-rodzicow.pdf\">https:\/\/rowerowymaj.eu\/wp-content\/uploads\/Broszura-dla-rodzicow.pdf<\/a><\/span><\/div>\n<div><\/div>\n<div><\/div>\n<div><span style=\"color: #000000\"> <a style=\"color: #000000\" href=\"https:\/\/przedszkole14.edu.wroclaw.pl\/wp-content\/uploads\/sites\/23\/2026\/04\/image.png\"><img loading=\"lazy\" decoding=\"async\" class=\" wp-image-2382 alignleft\" src=\"https:\/\/przedszkole14.edu.wroclaw.pl\/wp-content\/uploads\/sites\/23\/2026\/04\/image-300x167.png\" alt=\"\" width=\"325\" height=\"181\" srcset=\"https:\/\/przedszkole14.edu.wroclaw.pl\/wp-content\/uploads\/sites\/23\/2026\/04\/image-300x167.png 300w, https:\/\/przedszkole14.edu.wroclaw.pl\/wp-content\/uploads\/sites\/23\/2026\/04\/image-1024x570.png 1024w, https:\/\/przedszkole14.edu.wroclaw.pl\/wp-content\/uploads\/sites\/23\/2026\/04\/image-768x428.png 768w, https:\/\/przedszkole14.edu.wroclaw.pl\/wp-content\/uploads\/sites\/23\/2026\/04\/image.png 1368w\" sizes=\"auto, (max-width: 325px) 100vw, 325px\" \/><\/a><\/span><\/div>\n","protected":false},"excerpt":{"rendered":"<p>Zach\u0119camy wszystkich do wsp\u00f3lnej zabawy i aktywnego udzia\u0142u! Planowana jest r\u00f3wnie\u017c akcja &#8222;Rowerowa Mobilizacja&#8221;\u00a0 &#8211; 19.04.2026 (osoby, kt\u00f3re przyst\u0105pi\u0105 do kampanii otrzymaj\u0105 od nas (nauczycieli) \u017c\u00f3\u0142te naklejki uprawniaj\u0105ce do serwisu [&hellip;]<\/p>\n","protected":false},"author":467,"featured_media":0,"comment_status":"open","ping_status":"open","sticky":false,"template":"","format":"standard","meta":{"ngg_post_thumbnail":0,"footnotes":""},"categories":[1],"tags":[],"class_list":["post-2381","post","type-post","status-publish","format-standard","hentry","category-aktualnosci","clearfix"],"_links":{"self":[{"href":"https:\/\/przedszkole14.edu.wroclaw.pl\/index.php\/wp-json\/wp\/v2\/posts\/2381","targetHints":{"allow":["GET"]}}],"collection":[{"href":"https:\/\/przedszkole14.edu.wroclaw.pl\/index.php\/wp-json\/wp\/v2\/posts"}],"about":[{"href":"https:\/\/przedszkole14.edu.wroclaw.pl\/index.php\/wp-json\/wp\/v2\/types\/post"}],"author":[{"embeddable":true,"href":"https:\/\/przedszkole14.edu.wroclaw.pl\/index.php\/wp-json\/wp\/v2\/users\/467"}],"replies":[{"embeddable":true,"href":"https:\/\/przedszkole14.edu.wroclaw.pl\/index.php\/wp-json\/wp\/v2\/comments?post=2381"}],"version-history":[{"count":9,"href":"https:\/\/przedszkole14.edu.wroclaw.pl\/index.php\/wp-json\/wp\/v2\/posts\/2381\/revisions"}],"predecessor-version":[{"id":2394,"href":"https:\/\/przedszkole14.edu.wroclaw.pl\/index.php\/wp-json\/wp\/v2\/posts\/2381\/revisions\/2394"}],"wp:attachment":[{"href":"https:\/\/przedszkole14.edu.wroclaw.pl\/index.php\/wp-json\/wp\/v2\/media?parent=2381"}],"wp:term":[{"taxonomy":"category","embeddable":true,"href":"https:\/\/przedszkole14.edu.wroclaw.pl\/index.php\/wp-json\/wp\/v2\/categories?post=2381"},{"taxonomy":"post_tag","embeddable":true,"href":"https:\/\/przedszkole14.edu.wroclaw.pl\/index.php\/wp-json\/wp\/v2\/tags?post=2381"}],"curies":[{"name":"wp","href":"https:\/\/api.w.org\/{rel}","templated":true}]}}